{"id":466,"date":"2023-06-09T13:19:48","date_gmt":"2023-06-09T13:19:48","guid":{"rendered":"https:\/\/www.basquestay.com\/blog\/?p=466"},"modified":"2023-06-09T13:21:24","modified_gmt":"2023-06-09T13:21:24","slug":"fiestas-de-san-sebastian-2023","status":"publish","type":"post","link":"https:\/\/www.basquestay.com\/blog\/fiestas-de-san-sebastian-2023\/","title":{"rendered":"Fiestas de San Sebasti\u00e1n 2023"},"content":{"rendered":"\t\t<div data-elementor-type=\"wp-post\" data-elementor-id=\"466\" class=\"elementor elementor-466\" data-elementor-post-type=\"post\">\n\t\t\t\t\t\t<section class=\"elementor-section elementor-top-section elementor-element elementor-element-7e57a44 elementor-section-boxed elementor-section-height-default elementor-section-height-default\" data-id=\"7e57a44\" data-element_type=\"section\">\n\t\t\t\t\t\t<div class=\"elementor-container elementor-column-gap-default\">\n\t\t\t\t\t<div class=\"elementor-column elementor-col-100 elementor-top-column elementor-element elementor-element-cd6b817\" data-id=\"cd6b817\" data-element_type=\"column\">\n\t\t\t<div class=\"elementor-widget-wrap elementor-element-populated\">\n\t\t\t\t\t\t<div class=\"elementor-element elementor-element-367b9f58 elementor-widget elementor-widget-text-editor\" data-id=\"367b9f58\" data-element_type=\"widget\" data-widget_type=\"text-editor.default\">\n\t\t\t\t<div class=\"elementor-widget-container\">\n\t\t\t\t\t\t\t\t\t<p><span style=\"font-weight: 400;\">Planea tu viaje a la capital guipuzcoana durante la <\/span><strong><i>Aste Nagusia<\/i><\/strong><span style=\"font-weight: 400;\"> o<strong> Semana Grande,<\/strong> las principales <\/span><b>fiestas de San Sebasti\u00e1n<\/b> <a href=\"https:\/\/www.basquestay.com\/blog\/san-sebastian-donostia-conoce-los-principales-puntos-de-interes\/\"><span style=\"font-weight: 400;\">Donostia<\/span><\/a><span style=\"font-weight: 400;\">. De este modo, tendr\u00e1s la oportunidad de disfrutar del buen ambiente que toma sus calles a trav\u00e9s de multitud de actos para todos los p\u00fablicos. Dispondr\u00e1s de infinidad de propuestas de ocio desde la ma\u00f1ana hasta bien entrada la noche.<\/span><\/p>\t\t\t\t\t\t\t\t<\/div>\n\t\t\t\t<\/div>\n\t\t\t\t\t<\/div>\n\t\t<\/div>\n\t\t\t\t\t<\/div>\n\t\t<\/section>\n\t\t\t\t<section class=\"elementor-section elementor-top-section elementor-element elementor-element-6f439d40 elementor-section-boxed elementor-section-height-default elementor-section-height-default\" data-id=\"6f439d40\" data-element_type=\"section\">\n\t\t\t\t\t\t<div class=\"elementor-container elementor-column-gap-default\">\n\t\t\t\t\t<div class=\"elementor-column elementor-col-100 elementor-top-column elementor-element elementor-element-251b1a99\" data-id=\"251b1a99\" data-element_type=\"column\">\n\t\t\t<div class=\"elementor-widget-wrap elementor-element-populated\">\n\t\t\t\t\t\t<div class=\"elementor-element elementor-element-469fc388 elementor-widget elementor-widget-heading\" data-id=\"469fc388\" data-element_type=\"widget\" data-widget_type=\"heading.default\">\n\t\t\t\t<div class=\"elementor-widget-container\">\n\t\t\t\t\t<h2 class=\"elementor-heading-title elementor-size-default\">\u00bfCu\u00e1ndo empiezan las fiestas de San Sebasti\u00e1n?\n<\/h2>\t\t\t\t<\/div>\n\t\t\t\t<\/div>\n\t\t\t\t<div class=\"elementor-element elementor-element-7e424ed elementor-widget elementor-widget-text-editor\" data-id=\"7e424ed\" data-element_type=\"widget\" data-widget_type=\"text-editor.default\">\n\t\t\t\t<div class=\"elementor-widget-container\">\n\t\t\t\t\t\t\t\t\t<p><span style=\"font-weight: 400;\">El tradicional ca\u00f1onazo, que tendr\u00e1 lugar el pr\u00f3ximo 12 de agosto en la terraza del ayuntamiento, abrir\u00e1 las <\/span><b>fiestas en San Sebasti\u00e1n<\/b><span style=\"font-weight: 400;\">. El artillero mayor prender\u00e1 la mecha ante los protagonistas del inicio festivo y la corporaci\u00f3n municipal al completo, mientras centenares de personas aguardan el estallido.<\/span><\/p>\t\t\t\t\t\t\t\t<\/div>\n\t\t\t\t<\/div>\n\t\t\t\t\t<\/div>\n\t\t<\/div>\n\t\t\t\t\t<\/div>\n\t\t<\/section>\n\t\t\t\t<section class=\"elementor-section elementor-top-section elementor-element elementor-element-b80ee40 elementor-section-boxed elementor-section-height-default elementor-section-height-default\" data-id=\"b80ee40\" data-element_type=\"section\">\n\t\t\t\t\t\t<div class=\"elementor-container elementor-column-gap-default\">\n\t\t\t\t\t<div class=\"elementor-column elementor-col-50 elementor-top-column elementor-element elementor-element-50380b4\" data-id=\"50380b4\" data-element_type=\"column\">\n\t\t\t<div class=\"elementor-widget-wrap elementor-element-populated\">\n\t\t\t\t\t\t<div class=\"elementor-element elementor-element-9094ad1 elementor-widget elementor-widget-text-editor\" data-id=\"9094ad1\" data-element_type=\"widget\" data-widget_type=\"text-editor.default\">\n\t\t\t\t<div class=\"elementor-widget-container\">\n\t\t\t\t\t\t\t\t\t<p><span style=\"background-color: transparent;\">Juntos entonar\u00e1n la canci\u00f3n <\/span><i style=\"background-color: transparent;\">Artillero dale fuego<\/i><span style=\"background-color: transparent;\">, que precede al <\/span><b style=\"background-color: transparent;\">potente sonido <\/b><span style=\"background-color: transparent;\">que se extiende a diferentes barrios donostiarras. Desde el centro de la ciudad hasta Gros, el Antiguo, Amara y la Parte Vieja. Es la se\u00f1al de que los pr\u00f3ximos siete d\u00edas se vivir\u00e1n por todo lo alto gracias a la programaci\u00f3n de actividades ideada a\u00f1o tras a\u00f1o.<\/span><br><\/p>\n<p><span style=\"font-weight: 400;\">An\u00fadate un <\/span><b>pa\u00f1uelo azul<\/b><span style=\"font-weight: 400;\"> al cuello para sumarte a cuantos asisten a este acto concentr\u00e1ndose en los jardines de Alderdi Eder. No faltar\u00e1 la lluvia de confetis ni el desfile de la comparsa de gigantes y cabezudos. Adem\u00e1s, la m\u00fasica interpretada por la banda Illunbe amenizar\u00e1 los primeros minutos de la <\/span><i><span style=\"font-weight: 400;\">Aste Nagusia<\/span><\/i><span style=\"font-weight: 400;\">. Habr\u00e1 aplausos y gritos de alegr\u00eda entre el p\u00fablico, donde se situar\u00e1 una batucada para animar a ni\u00f1os y mayores a bailar a su ritmo.<\/span><\/p>\t\t\t\t\t\t\t\t<\/div>\n\t\t\t\t<\/div>\n\t\t\t\t\t<\/div>\n\t\t<\/div>\n\t\t\t\t<div class=\"elementor-column elementor-col-50 elementor-top-column elementor-element elementor-element-7cffefc\" data-id=\"7cffefc\" data-element_type=\"column\">\n\t\t\t<div class=\"elementor-widget-wrap elementor-element-populated\">\n\t\t\t\t\t\t<div class=\"elementor-element elementor-element-a6ce574 elementor-widget elementor-widget-image\" data-id=\"a6ce574\" data-element_type=\"widget\" data-widget_type=\"image.default\">\n\t\t\t\t<div class=\"elementor-widget-container\">\n\t\t\t\t\t\t\t\t\t\t\t\t\t\t\t<img fetchpriority=\"high\" decoding=\"async\" width=\"700\" height=\"400\" src=\"https:\/\/www.basquestay.com\/blog\/wp-content\/uploads\/2023\/06\/Cabezudos-Fiestas-San-Sebastian.jpg\" class=\"attachment-large size-large wp-image-477\" alt=\"Cabezudos Fiestas San Sebastian\" \/>\t\t\t\t\t\t\t\t\t\t\t\t\t\t\t<\/div>\n\t\t\t\t<\/div>\n\t\t\t\t\t<\/div>\n\t\t<\/div>\n\t\t\t\t\t<\/div>\n\t\t<\/section>\n\t\t\t\t<section class=\"elementor-section elementor-top-section elementor-element elementor-element-2a0d411 elementor-section-boxed elementor-section-height-default elementor-section-height-default\" data-id=\"2a0d411\" data-element_type=\"section\">\n\t\t\t\t\t\t<div class=\"elementor-container elementor-column-gap-default\">\n\t\t\t\t\t<div class=\"elementor-column elementor-col-100 elementor-top-column elementor-element elementor-element-809cf8e\" data-id=\"809cf8e\" data-element_type=\"column\">\n\t\t\t<div class=\"elementor-widget-wrap elementor-element-populated\">\n\t\t\t\t\t\t<div class=\"elementor-element elementor-element-c30d922 elementor-widget elementor-widget-text-editor\" data-id=\"c30d922\" data-element_type=\"widget\" data-widget_type=\"text-editor.default\">\n\t\t\t\t<div class=\"elementor-widget-container\">\n\t\t\t\t\t\t\t\t\t<p><span style=\"background-color: transparent;\">En pocos minutos, los espectadores abandonar\u00e1n la zona encaminando sus pasos a otras plazas. Diferentes propuestas les aguardan para seguir divirti\u00e9ndose. \u00a1No hay tiempo que perder!<\/span><br><\/p>\t\t\t\t\t\t\t\t<\/div>\n\t\t\t\t<\/div>\n\t\t\t\t\t<\/div>\n\t\t<\/div>\n\t\t\t\t\t<\/div>\n\t\t<\/section>\n\t\t\t\t<section class=\"elementor-section elementor-top-section elementor-element elementor-element-fbf184f elementor-section-boxed elementor-section-height-default elementor-section-height-default\" data-id=\"fbf184f\" data-element_type=\"section\">\n\t\t\t\t\t\t<div class=\"elementor-container elementor-column-gap-default\">\n\t\t\t\t\t<div class=\"elementor-column elementor-col-100 elementor-top-column elementor-element elementor-element-73bfa23\" data-id=\"73bfa23\" data-element_type=\"column\">\n\t\t\t<div class=\"elementor-widget-wrap elementor-element-populated\">\n\t\t\t\t\t\t<div class=\"elementor-element elementor-element-1e62ad2 elementor-widget elementor-widget-heading\" data-id=\"1e62ad2\" data-element_type=\"widget\" data-widget_type=\"heading.default\">\n\t\t\t\t<div class=\"elementor-widget-container\">\n\t\t\t\t\t<h2 class=\"elementor-heading-title elementor-size-default\">\u00bfQu\u00e9 se hace en las fiestas de San Sebasti\u00e1n?\n<\/h2>\t\t\t\t<\/div>\n\t\t\t\t<\/div>\n\t\t\t\t<div class=\"elementor-element elementor-element-6caf960 elementor-widget elementor-widget-text-editor\" data-id=\"6caf960\" data-element_type=\"widget\" data-widget_type=\"text-editor.default\">\n\t\t\t\t<div class=\"elementor-widget-container\">\n\t\t\t\t\t\t\t\t\t<p><span style=\"font-weight: 400;\">La principal <\/span><b>fiesta de San Sebasti\u00e1n<\/b><span style=\"font-weight: 400;\"> invita a personas de todas las edades a vivir siete d\u00edas repletos de propuestas muy atractivas. Una de las que cuenta con mayor aceptaci\u00f3n es la que tiene lugar cada noche. La vida nocturna se detiene durante unos minutos para presenciar la exhibici\u00f3n de <\/span><b>fuegos artificiales<\/b><span style=\"font-weight: 400;\">.<\/span><\/p>\t\t\t\t\t\t\t\t<\/div>\n\t\t\t\t<\/div>\n\t\t\t\t\t<\/div>\n\t\t<\/div>\n\t\t\t\t\t<\/div>\n\t\t<\/section>\n\t\t\t\t<section class=\"elementor-section elementor-top-section elementor-element elementor-element-0249f82 elementor-section-boxed elementor-section-height-default elementor-section-height-default\" data-id=\"0249f82\" data-element_type=\"section\">\n\t\t\t\t\t\t<div class=\"elementor-container elementor-column-gap-default\">\n\t\t\t\t\t<div class=\"elementor-column elementor-col-50 elementor-top-column elementor-element elementor-element-df00aea\" data-id=\"df00aea\" data-element_type=\"column\">\n\t\t\t<div class=\"elementor-widget-wrap elementor-element-populated\">\n\t\t\t\t\t\t<div class=\"elementor-element elementor-element-db12fe1 elementor-widget elementor-widget-image\" data-id=\"db12fe1\" data-element_type=\"widget\" data-widget_type=\"image.default\">\n\t\t\t\t<div class=\"elementor-widget-container\">\n\t\t\t\t\t\t\t\t\t\t\t\t\t\t\t<img decoding=\"async\" width=\"700\" height=\"400\" src=\"https:\/\/www.basquestay.com\/blog\/wp-content\/uploads\/2023\/06\/Fuegos-artificiales-fiestas-san-sebastian.jpg\" class=\"attachment-large size-large wp-image-484\" alt=\"Fuegos artificiales fiestas san sebastian\" \/>\t\t\t\t\t\t\t\t\t\t\t\t\t\t\t<\/div>\n\t\t\t\t<\/div>\n\t\t\t\t\t<\/div>\n\t\t<\/div>\n\t\t\t\t<div class=\"elementor-column elementor-col-50 elementor-top-column elementor-element elementor-element-fd765a5\" data-id=\"fd765a5\" data-element_type=\"column\">\n\t\t\t<div class=\"elementor-widget-wrap elementor-element-populated\">\n\t\t\t\t\t\t<div class=\"elementor-element elementor-element-85dac58 elementor-widget elementor-widget-text-editor\" data-id=\"85dac58\" data-element_type=\"widget\" data-widget_type=\"text-editor.default\">\n\t\t\t\t<div class=\"elementor-widget-container\">\n\t\t\t\t\t\t\t\t\t<p><span style=\"background-color: transparent;\">Casas pirot\u00e9cnicas de distintos pa\u00edses viajan a Donostia dispuestas a mostrar sus creaciones y competir en su reputado concurso internacional. La bah\u00eda de La Concha sirve de escenario a este espect\u00e1culo de luces, sonido y color. Pres\u00e9ncialo desde un lugar estrat\u00e9gico, como su principal playa o los jardines del Palacio Miramar. No olvides comprar antes un helado de elaboraci\u00f3n artesanal para endulzarte el momento, como hacen los habitantes de la capital guipuzcoana.<\/span><br><\/p>\n<p><span style=\"font-weight: 400;\">Otras de las propuestas m\u00e1s multitudinarias se desarrolla tambi\u00e9n por la noche, pero a pocos metros de la plaza de La Zurriola. Se trata de los <\/span><b>conciertos de Sag\u00fc\u00e9s<\/b><span style=\"font-weight: 400;\">, en los que podr\u00e1s ver actuar en directo a algunos de tus artistas favoritos.<\/span><\/p>\t\t\t\t\t\t\t\t<\/div>\n\t\t\t\t<\/div>\n\t\t\t\t\t<\/div>\n\t\t<\/div>\n\t\t\t\t\t<\/div>\n\t\t<\/section>\n\t\t\t\t<section class=\"elementor-section elementor-top-section elementor-element elementor-element-72c6eff elementor-section-boxed elementor-section-height-default elementor-section-height-default\" data-id=\"72c6eff\" data-element_type=\"section\">\n\t\t\t\t\t\t<div class=\"elementor-container elementor-column-gap-default\">\n\t\t\t\t\t<div class=\"elementor-column elementor-col-100 elementor-top-column elementor-element elementor-element-c4dd7f8\" data-id=\"c4dd7f8\" data-element_type=\"column\">\n\t\t\t<div class=\"elementor-widget-wrap elementor-element-populated\">\n\t\t\t\t\t\t<div class=\"elementor-element elementor-element-6105981 elementor-widget elementor-widget-text-editor\" data-id=\"6105981\" data-element_type=\"widget\" data-widget_type=\"text-editor.default\">\n\t\t\t\t<div class=\"elementor-widget-container\">\n\t\t\t\t\t\t\t\t\t<p><span style=\"background-color: transparent;\">Las representaciones teatrales, las competiciones deportivas y las pruebas de <\/span><i style=\"background-color: transparent;\">herri kirolak<\/i><span style=\"background-color: transparent;\"> o deportes rurales son otros de los platos fuertes del programa de festejos. Este se prolongar\u00e1 <\/span><b style=\"background-color: transparent;\">hasta el 19 de agosto<\/b><span style=\"background-color: transparent;\">. Habr\u00e1 tiempo para todo menos aburrirse.<\/span><br><\/p>\t\t\t\t\t\t\t\t<\/div>\n\t\t\t\t<\/div>\n\t\t\t\t\t<\/div>\n\t\t<\/div>\n\t\t\t\t\t<\/div>\n\t\t<\/section>\n\t\t\t\t<section class=\"elementor-section elementor-top-section elementor-element elementor-element-3864a1ba elementor-section-boxed elementor-section-height-default elementor-section-height-default\" data-id=\"3864a1ba\" data-element_type=\"section\">\n\t\t\t\t\t\t<div class=\"elementor-container elementor-column-gap-default\">\n\t\t\t\t\t<div class=\"elementor-column elementor-col-100 elementor-top-column elementor-element elementor-element-52e1f6e\" data-id=\"52e1f6e\" data-element_type=\"column\">\n\t\t\t<div class=\"elementor-widget-wrap elementor-element-populated\">\n\t\t\t\t\t\t<div class=\"elementor-element elementor-element-300e7c1b elementor-widget elementor-widget-heading\" data-id=\"300e7c1b\" data-element_type=\"widget\" data-widget_type=\"heading.default\">\n\t\t\t\t<div class=\"elementor-widget-container\">\n\t\t\t\t\t<h3 class=\"elementor-heading-title elementor-size-default\">Las actividades del programa de las fiestas de San Sebasti\u00e1n\n<\/h3>\t\t\t\t<\/div>\n\t\t\t\t<\/div>\n\t\t\t\t<div class=\"elementor-element elementor-element-71228184 elementor-widget elementor-widget-text-editor\" data-id=\"71228184\" data-element_type=\"widget\" data-widget_type=\"text-editor.default\">\n\t\t\t\t<div class=\"elementor-widget-container\">\n\t\t\t\t\t\t\t\t\t<p><span style=\"font-weight: 400;\">Ahora que ya sabes <\/span><b>cu\u00e1ndo son las fiestas de San Sebasti\u00e1n<\/b><span style=\"font-weight: 400;\">, es el momento de conocer las claves de su programa de actos. El ca\u00f1onazo da el relevo a sesiones de DJ, bailables y un alarde de <\/span><i><span style=\"font-weight: 400;\">txistularis<\/span><\/i><span style=\"font-weight: 400;\">, entre otras actividades que se prolongar\u00e1n hasta la medianoche.<\/span><\/p><p><span style=\"font-weight: 400;\">Durante los siguientes d\u00edas disfrutar\u00e1s de otras propuestas que son todo un cl\u00e1sico de la Semana Grande. Para empezar, <\/span><b>el <\/b><b><i>Festara<\/i><\/b><span style=\"font-weight: 400;\">. El coro Gaztelubide interpretar\u00e1 esta y otras canciones a las puertas de la sociedad gastron\u00f3mica a la que debe su nombre, en el caso antiguo. Tampoco puedes perderte la tradicional misa de <\/span><b>La Salve<\/b><span style=\"font-weight: 400;\"> que tiene lugar la v\u00edspera de la Virgen en la Bas\u00edlica de Santa Mar\u00eda.<\/span><\/p><p><span style=\"font-weight: 400;\">Los m\u00e1s j\u00f3venes toman la bah\u00eda de La Concha con el <\/span><b><i>Abordaje pirata<\/i><\/b><span style=\"font-weight: 400;\">. Es el nombre que recibe la salida desde el puerto de numerosas embarcaciones fabricadas por sus propios tripulantes. Su divertida traves\u00eda les lleva hasta la playa de La Concha. S\u00edguela desde su ic\u00f3nica barandilla de metal pintado de blanco. No faltar\u00e1n motines, marejadas, naufragios y otras aventuras hasta alcanzar el arenal.<\/span><\/p><p><span style=\"font-weight: 400;\">La programaci\u00f3n incluye, asimismo, concursos como el de tortilla de patata, una regata de traineras de remo y un torneo de pelota a mano. En total, el n\u00famero de actividades previstas <\/span><b>superar\u00e1 las 400<\/b><span style=\"font-weight: 400;\">, como ya ocurri\u00f3 hace un a\u00f1o.<\/span><\/p>\t\t\t\t\t\t\t\t<\/div>\n\t\t\t\t<\/div>\n\t\t\t\t\t<\/div>\n\t\t<\/div>\n\t\t\t\t\t<\/div>\n\t\t<\/section>\n\t\t\t\t<section class=\"elementor-section elementor-top-section elementor-element elementor-element-432bff7f elementor-section-boxed elementor-section-height-default elementor-section-height-default\" data-id=\"432bff7f\" data-element_type=\"section\">\n\t\t\t\t\t\t<div class=\"elementor-container elementor-column-gap-default\">\n\t\t\t\t\t<div class=\"elementor-column elementor-col-100 elementor-top-column elementor-element elementor-element-56f45689\" data-id=\"56f45689\" data-element_type=\"column\">\n\t\t\t<div class=\"elementor-widget-wrap elementor-element-populated\">\n\t\t\t\t\t\t<div class=\"elementor-element elementor-element-7e329586 elementor-widget elementor-widget-heading\" data-id=\"7e329586\" data-element_type=\"widget\" data-widget_type=\"heading.default\">\n\t\t\t\t<div class=\"elementor-widget-container\">\n\t\t\t\t\t<h2 class=\"elementor-heading-title elementor-size-default\">Visita San Sebasti\u00e1n durante su Semana Grande\n<\/h2>\t\t\t\t<\/div>\n\t\t\t\t<\/div>\n\t\t\t\t<div class=\"elementor-element elementor-element-1316f9e5 elementor-widget elementor-widget-text-editor\" data-id=\"1316f9e5\" data-element_type=\"widget\" data-widget_type=\"text-editor.default\">\n\t\t\t\t<div class=\"elementor-widget-container\">\n\t\t\t\t\t\t\t\t\t<p><span style=\"font-weight: 400;\">Si est\u00e1s decidido en visitar esta ciudad, hazlo durante su Semana Grande para que tu estancia sea m\u00e1s especial a\u00fan. Es, sin duda, el mejor modo de sacarle el m\u00e1ximo partido y disponer de una agenda de ocio y tiempo libre \u00fanica a lo largo del a\u00f1o.<\/span><\/p><p><span style=\"font-weight: 400;\">Disfruta de una <\/span><a href=\"https:\/\/www.basquestay.com\/blog\/una-escapada-de-ensueno-que-hacer-en-san-sebastian\/\"><span style=\"font-weight: 400;\">escapada de ensue\u00f1o<\/span><\/a><span style=\"font-weight: 400;\"> y de las <\/span><b>fiestas de San Sebasti\u00e1n<\/b><span style=\"font-weight: 400;\">. \u00a1No pierdas tiempo y reserva ya tu <\/span><a href=\"https:\/\/www.basquestay.com\/alquiler\/alquiler-alquileres-d0\/\"><span style=\"font-weight: 400;\">alojamiento<\/span><\/a><span style=\"font-weight: 400;\">!<\/span><\/p>\t\t\t\t\t\t\t\t<\/div>\n\t\t\t\t<\/div>\n\t\t\t\t\t<\/div>\n\t\t<\/div>\n\t\t\t\t\t<\/div>\n\t\t<\/section>\n\t\t\t\t<section class=\"elementor-section elementor-top-section elementor-element elementor-element-7699a82 elementor-section-boxed elementor-section-height-default elementor-section-height-default\" data-id=\"7699a82\" data-element_type=\"section\">\n\t\t\t\t\t\t<div class=\"elementor-container elementor-column-gap-default\">\n\t\t\t\t\t<div class=\"elementor-column elementor-col-33 elementor-top-column elementor-element elementor-element-8078e10\" data-id=\"8078e10\" data-element_type=\"column\">\n\t\t\t<div class=\"elementor-widget-wrap elementor-element-populated\">\n\t\t\t\t\t\t<div class=\"elementor-element elementor-element-609e09c elementor-align-center elementor-widget elementor-widget-button\" data-id=\"609e09c\" data-element_type=\"widget\" data-widget_type=\"button.default\">\n\t\t\t\t<div class=\"elementor-widget-container\">\n\t\t\t\t\t\t\t\t\t<div class=\"elementor-button-wrapper\">\n\t\t\t\t\t<a class=\"elementor-button elementor-button-link elementor-size-md\" href=\"https:\/\/www.basquestay.com\/alquiler\/alquileres-san-sebastian-d1285\/\">\n\t\t\t\t\t\t<span class=\"elementor-button-content-wrapper\">\n\t\t\t\t\t\t\t\t\t<span class=\"elementor-button-text\">Alquiler en San Sebasti\u00e1n<\/span>\n\t\t\t\t\t<\/span>\n\t\t\t\t\t<\/a>\n\t\t\t\t<\/div>\n\t\t\t\t\t\t\t\t<\/div>\n\t\t\t\t<\/div>\n\t\t\t\t\t<\/div>\n\t\t<\/div>\n\t\t\t\t<div class=\"elementor-column elementor-col-33 elementor-top-column elementor-element elementor-element-4dadea1\" data-id=\"4dadea1\" data-element_type=\"column\">\n\t\t\t<div class=\"elementor-widget-wrap elementor-element-populated\">\n\t\t\t\t\t\t<div class=\"elementor-element elementor-element-76805f8 elementor-align-center elementor-widget elementor-widget-button\" data-id=\"76805f8\" data-element_type=\"widget\" data-widget_type=\"button.default\">\n\t\t\t\t<div class=\"elementor-widget-container\">\n\t\t\t\t\t\t\t\t\t<div class=\"elementor-button-wrapper\">\n\t\t\t\t\t<a class=\"elementor-button elementor-button-link elementor-size-md\" href=\"https:\/\/www.basquestay.com\/alquiler\/apartamentos-san-sebastian-c1d1285\/\">\n\t\t\t\t\t\t<span class=\"elementor-button-content-wrapper\">\n\t\t\t\t\t\t\t\t\t<span class=\"elementor-button-text\">Apartamentos en San Sebasti\u00e1n<\/span>\n\t\t\t\t\t<\/span>\n\t\t\t\t\t<\/a>\n\t\t\t\t<\/div>\n\t\t\t\t\t\t\t\t<\/div>\n\t\t\t\t<\/div>\n\t\t\t\t\t<\/div>\n\t\t<\/div>\n\t\t\t\t<div class=\"elementor-column elementor-col-33 elementor-top-column elementor-element elementor-element-30ece10\" data-id=\"30ece10\" data-element_type=\"column\">\n\t\t\t<div class=\"elementor-widget-wrap elementor-element-populated\">\n\t\t\t\t\t\t<div class=\"elementor-element elementor-element-4c86f5a elementor-align-center elementor-widget elementor-widget-button\" data-id=\"4c86f5a\" data-element_type=\"widget\" data-widget_type=\"button.default\">\n\t\t\t\t<div class=\"elementor-widget-container\">\n\t\t\t\t\t\t\t\t\t<div class=\"elementor-button-wrapper\">\n\t\t\t\t\t<a class=\"elementor-button elementor-button-link elementor-size-md\" href=\"https:\/\/www.basquestay.com\/alquiler\/casas-san-sebastian-c19d1285\/\">\n\t\t\t\t\t\t<span class=\"elementor-button-content-wrapper\">\n\t\t\t\t\t\t\t\t\t<span class=\"elementor-button-text\">Casas en San Sebasti\u00e1n<\/span>\n\t\t\t\t\t<\/span>\n\t\t\t\t\t<\/a>\n\t\t\t\t<\/div>\n\t\t\t\t\t\t\t\t<\/div>\n\t\t\t\t<\/div>\n\t\t\t\t\t<\/div>\n\t\t<\/div>\n\t\t\t\t\t<\/div>\n\t\t<\/section>\n\t\t\t\t<\/div>\n\t\t","protected":false},"excerpt":{"rendered":"<p>Planea tu viaje a la capital guipuzcoana durante la Aste Nagusia o Semana Grande, las principales fiestas de San Sebasti\u00e1n&#8230;<\/p>\n","protected":false},"author":2,"featured_media":480,"comment_status":"open","ping_status":"open","sticky":false,"template":"","format":"standard","meta":{"footnotes":""},"categories":[59],"tags":[],"class_list":["post-466","post","type-post","status-publish","format-standard","has-post-thumbnail","hentry","category-fiestas-eventos-san-sebastian"],"yoast_head":"<!-- This site is optimized with the Yoast SEO plugin v26.2 - https:\/\/yoast.com\/wordpress\/plugins\/seo\/ -->\n<title>Fiestas de San Sebasti\u00e1n 2023 | Basque Stays<\/title>\n<meta name=\"description\" content=\"Conoce los principales atractivos de las fiestas de San Sebasti\u00e1n y disfr\u00fatalas durante una escapada de ensue\u00f1o a la capital guipuzcoana el mes de agosto.\" \/>\n<meta name=\"robots\" content=\"index, follow, max-snippet:-1, max-image-preview:large, max-video-preview:-1\" \/>\n<link rel=\"canonical\" href=\"https:\/\/www.basquestay.com\/blog\/fiestas-de-san-sebastian-2023\/\" \/>\n<meta property=\"og:locale\" content=\"es_ES\" \/>\n<meta property=\"og:type\" content=\"article\" \/>\n<meta property=\"og:title\" content=\"Fiestas de San Sebasti\u00e1n 2023 | Basque Stays\" \/>\n<meta property=\"og:description\" content=\"Conoce los principales atractivos de las fiestas de San Sebasti\u00e1n y disfr\u00fatalas durante una escapada de ensue\u00f1o a la capital guipuzcoana el mes de agosto.\" \/>\n<meta property=\"og:url\" content=\"https:\/\/www.basquestay.com\/blog\/fiestas-de-san-sebastian-2023\/\" \/>\n<meta property=\"og:site_name\" content=\"Basque Stay | Blog\" \/>\n<meta property=\"article:published_time\" content=\"2023-06-09T13:19:48+00:00\" \/>\n<meta property=\"article:modified_time\" content=\"2023-06-09T13:21:24+00:00\" \/>\n<meta property=\"og:image\" content=\"https:\/\/www.basquestay.com\/blog\/wp-content\/uploads\/2023\/06\/Fiestas-de-San-Sebastian.jpg\" \/>\n\t<meta property=\"og:image:width\" content=\"1920\" \/>\n\t<meta property=\"og:image:height\" content=\"750\" \/>\n\t<meta property=\"og:image:type\" content=\"image\/jpeg\" \/>\n<meta name=\"author\" content=\"basquestay\" \/>\n<meta name=\"twitter:card\" content=\"summary_large_image\" \/>\n<meta name=\"twitter:label1\" content=\"Escrito por\" \/>\n\t<meta name=\"twitter:data1\" content=\"basquestay\" \/>\n\t<meta name=\"twitter:label2\" content=\"Tiempo de lectura\" \/>\n\t<meta name=\"twitter:data2\" content=\"4 minutos\" \/>\n<script type=\"application\/ld+json\" class=\"yoast-schema-graph\">{\"@context\":\"https:\/\/schema.org\",\"@graph\":[{\"@type\":[\"WebPage\",\"ItemPage\"],\"@id\":\"https:\/\/www.basquestay.com\/blog\/fiestas-de-san-sebastian-2023\/\",\"url\":\"https:\/\/www.basquestay.com\/blog\/fiestas-de-san-sebastian-2023\/\",\"name\":\"Fiestas de San Sebasti\u00e1n 2023 | Basque Stays\",\"isPartOf\":{\"@id\":\"https:\/\/www.basquestay.com\/blog\/#website\"},\"primaryImageOfPage\":{\"@id\":\"https:\/\/www.basquestay.com\/blog\/fiestas-de-san-sebastian-2023\/#primaryimage\"},\"image\":{\"@id\":\"https:\/\/www.basquestay.com\/blog\/fiestas-de-san-sebastian-2023\/#primaryimage\"},\"thumbnailUrl\":\"https:\/\/www.basquestay.com\/blog\/wp-content\/uploads\/2023\/06\/Fiestas-de-San-Sebastian.jpg\",\"datePublished\":\"2023-06-09T13:19:48+00:00\",\"dateModified\":\"2023-06-09T13:21:24+00:00\",\"author\":{\"@id\":\"https:\/\/www.basquestay.com\/blog\/#\/schema\/person\/ee2ff0854daf54ad5a7e76e4e66ee78a\"},\"description\":\"Conoce los principales atractivos de las fiestas de San Sebasti\u00e1n y disfr\u00fatalas durante una escapada de ensue\u00f1o a la capital guipuzcoana el mes de agosto.\",\"breadcrumb\":{\"@id\":\"https:\/\/www.basquestay.com\/blog\/fiestas-de-san-sebastian-2023\/#breadcrumb\"},\"inLanguage\":\"es\",\"potentialAction\":[{\"@type\":\"ReadAction\",\"target\":[\"https:\/\/www.basquestay.com\/blog\/fiestas-de-san-sebastian-2023\/\"]}]},{\"@type\":\"ImageObject\",\"inLanguage\":\"es\",\"@id\":\"https:\/\/www.basquestay.com\/blog\/fiestas-de-san-sebastian-2023\/#primaryimage\",\"url\":\"https:\/\/www.basquestay.com\/blog\/wp-content\/uploads\/2023\/06\/Fiestas-de-San-Sebastian.jpg\",\"contentUrl\":\"https:\/\/www.basquestay.com\/blog\/wp-content\/uploads\/2023\/06\/Fiestas-de-San-Sebastian.jpg\",\"width\":1920,\"height\":750,\"caption\":\"Fiestas de San Sebastian\"},{\"@type\":\"BreadcrumbList\",\"@id\":\"https:\/\/www.basquestay.com\/blog\/fiestas-de-san-sebastian-2023\/#breadcrumb\",\"itemListElement\":[{\"@type\":\"ListItem\",\"position\":1,\"name\":\"Home\",\"item\":\"https:\/\/www.basquestay.com\/blog\/\"},{\"@type\":\"ListItem\",\"position\":2,\"name\":\"Fiestas de San Sebasti\u00e1n 2023\"}]},{\"@type\":\"WebSite\",\"@id\":\"https:\/\/www.basquestay.com\/blog\/#website\",\"url\":\"https:\/\/www.basquestay.com\/blog\/\",\"name\":\"Basque Stay | Blog\",\"description\":\"Alojamientos en San Sebasti\u00e1n - Basque Stay\",\"potentialAction\":[{\"@type\":\"SearchAction\",\"target\":{\"@type\":\"EntryPoint\",\"urlTemplate\":\"https:\/\/www.basquestay.com\/blog\/?s={search_term_string}\"},\"query-input\":{\"@type\":\"PropertyValueSpecification\",\"valueRequired\":true,\"valueName\":\"search_term_string\"}}],\"inLanguage\":\"es\"},{\"@type\":\"Person\",\"@id\":\"https:\/\/www.basquestay.com\/blog\/#\/schema\/person\/ee2ff0854daf54ad5a7e76e4e66ee78a\",\"name\":\"basquestay\",\"image\":{\"@type\":\"ImageObject\",\"inLanguage\":\"es\",\"@id\":\"https:\/\/www.basquestay.com\/blog\/#\/schema\/person\/image\/\",\"url\":\"https:\/\/secure.gravatar.com\/avatar\/264859730064efc627ef6693937faa279291cabacd994fea00e6601a1366ef5e?s=96&d=mm&r=g\",\"contentUrl\":\"https:\/\/secure.gravatar.com\/avatar\/264859730064efc627ef6693937faa279291cabacd994fea00e6601a1366ef5e?s=96&d=mm&r=g\",\"caption\":\"basquestay\"},\"url\":\"https:\/\/www.basquestay.com\/blog\/author\/basquestay\/\"}]}<\/script>\n<!-- \/ Yoast SEO plugin. -->","yoast_head_json":{"title":"Fiestas de San Sebasti\u00e1n 2023 | Basque Stays","description":"Conoce los principales atractivos de las fiestas de San Sebasti\u00e1n y disfr\u00fatalas durante una escapada de ensue\u00f1o a la capital guipuzcoana el mes de agosto.","robots":{"index":"index","follow":"follow","max-snippet":"max-snippet:-1","max-image-preview":"max-image-preview:large","max-video-preview":"max-video-preview:-1"},"canonical":"https:\/\/www.basquestay.com\/blog\/fiestas-de-san-sebastian-2023\/","og_locale":"es_ES","og_type":"article","og_title":"Fiestas de San Sebasti\u00e1n 2023 | Basque Stays","og_description":"Conoce los principales atractivos de las fiestas de San Sebasti\u00e1n y disfr\u00fatalas durante una escapada de ensue\u00f1o a la capital guipuzcoana el mes de agosto.","og_url":"https:\/\/www.basquestay.com\/blog\/fiestas-de-san-sebastian-2023\/","og_site_name":"Basque Stay | Blog","article_published_time":"2023-06-09T13:19:48+00:00","article_modified_time":"2023-06-09T13:21:24+00:00","og_image":[{"width":1920,"height":750,"url":"https:\/\/www.basquestay.com\/blog\/wp-content\/uploads\/2023\/06\/Fiestas-de-San-Sebastian.jpg","type":"image\/jpeg"}],"author":"basquestay","twitter_card":"summary_large_image","twitter_misc":{"Escrito por":"basquestay","Tiempo de lectura":"4 minutos"},"schema":{"@context":"https:\/\/schema.org","@graph":[{"@type":["WebPage","ItemPage"],"@id":"https:\/\/www.basquestay.com\/blog\/fiestas-de-san-sebastian-2023\/","url":"https:\/\/www.basquestay.com\/blog\/fiestas-de-san-sebastian-2023\/","name":"Fiestas de San Sebasti\u00e1n 2023 | Basque Stays","isPartOf":{"@id":"https:\/\/www.basquestay.com\/blog\/#website"},"primaryImageOfPage":{"@id":"https:\/\/www.basquestay.com\/blog\/fiestas-de-san-sebastian-2023\/#primaryimage"},"image":{"@id":"https:\/\/www.basquestay.com\/blog\/fiestas-de-san-sebastian-2023\/#primaryimage"},"thumbnailUrl":"https:\/\/www.basquestay.com\/blog\/wp-content\/uploads\/2023\/06\/Fiestas-de-San-Sebastian.jpg","datePublished":"2023-06-09T13:19:48+00:00","dateModified":"2023-06-09T13:21:24+00:00","author":{"@id":"https:\/\/www.basquestay.com\/blog\/#\/schema\/person\/ee2ff0854daf54ad5a7e76e4e66ee78a"},"description":"Conoce los principales atractivos de las fiestas de San Sebasti\u00e1n y disfr\u00fatalas durante una escapada de ensue\u00f1o a la capital guipuzcoana el mes de agosto.","breadcrumb":{"@id":"https:\/\/www.basquestay.com\/blog\/fiestas-de-san-sebastian-2023\/#breadcrumb"},"inLanguage":"es","potentialAction":[{"@type":"ReadAction","target":["https:\/\/www.basquestay.com\/blog\/fiestas-de-san-sebastian-2023\/"]}]},{"@type":"ImageObject","inLanguage":"es","@id":"https:\/\/www.basquestay.com\/blog\/fiestas-de-san-sebastian-2023\/#primaryimage","url":"https:\/\/www.basquestay.com\/blog\/wp-content\/uploads\/2023\/06\/Fiestas-de-San-Sebastian.jpg","contentUrl":"https:\/\/www.basquestay.com\/blog\/wp-content\/uploads\/2023\/06\/Fiestas-de-San-Sebastian.jpg","width":1920,"height":750,"caption":"Fiestas de San Sebastian"},{"@type":"BreadcrumbList","@id":"https:\/\/www.basquestay.com\/blog\/fiestas-de-san-sebastian-2023\/#breadcrumb","itemListElement":[{"@type":"ListItem","position":1,"name":"Home","item":"https:\/\/www.basquestay.com\/blog\/"},{"@type":"ListItem","position":2,"name":"Fiestas de San Sebasti\u00e1n 2023"}]},{"@type":"WebSite","@id":"https:\/\/www.basquestay.com\/blog\/#website","url":"https:\/\/www.basquestay.com\/blog\/","name":"Basque Stay | Blog","description":"Alojamientos en San Sebasti\u00e1n - Basque Stay","potentialAction":[{"@type":"SearchAction","target":{"@type":"EntryPoint","urlTemplate":"https:\/\/www.basquestay.com\/blog\/?s={search_term_string}"},"query-input":{"@type":"PropertyValueSpecification","valueRequired":true,"valueName":"search_term_string"}}],"inLanguage":"es"},{"@type":"Person","@id":"https:\/\/www.basquestay.com\/blog\/#\/schema\/person\/ee2ff0854daf54ad5a7e76e4e66ee78a","name":"basquestay","image":{"@type":"ImageObject","inLanguage":"es","@id":"https:\/\/www.basquestay.com\/blog\/#\/schema\/person\/image\/","url":"https:\/\/secure.gravatar.com\/avatar\/264859730064efc627ef6693937faa279291cabacd994fea00e6601a1366ef5e?s=96&d=mm&r=g","contentUrl":"https:\/\/secure.gravatar.com\/avatar\/264859730064efc627ef6693937faa279291cabacd994fea00e6601a1366ef5e?s=96&d=mm&r=g","caption":"basquestay"},"url":"https:\/\/www.basquestay.com\/blog\/author\/basquestay\/"}]}},"_links":{"self":[{"href":"https:\/\/www.basquestay.com\/blog\/wp-json\/wp\/v2\/posts\/466","targetHints":{"allow":["GET"]}}],"collection":[{"href":"https:\/\/www.basquestay.com\/blog\/wp-json\/wp\/v2\/posts"}],"about":[{"href":"https:\/\/www.basquestay.com\/blog\/wp-json\/wp\/v2\/types\/post"}],"author":[{"embeddable":true,"href":"https:\/\/www.basquestay.com\/blog\/wp-json\/wp\/v2\/users\/2"}],"replies":[{"embeddable":true,"href":"https:\/\/www.basquestay.com\/blog\/wp-json\/wp\/v2\/comments?post=466"}],"version-history":[{"count":15,"href":"https:\/\/www.basquestay.com\/blog\/wp-json\/wp\/v2\/posts\/466\/revisions"}],"predecessor-version":[{"id":493,"href":"https:\/\/www.basquestay.com\/blog\/wp-json\/wp\/v2\/posts\/466\/revisions\/493"}],"wp:featuredmedia":[{"embeddable":true,"href":"https:\/\/www.basquestay.com\/blog\/wp-json\/wp\/v2\/media\/480"}],"wp:attachment":[{"href":"https:\/\/www.basquestay.com\/blog\/wp-json\/wp\/v2\/media?parent=466"}],"wp:term":[{"taxonomy":"category","embeddable":true,"href":"https:\/\/www.basquestay.com\/blog\/wp-json\/wp\/v2\/categories?post=466"},{"taxonomy":"post_tag","embeddable":true,"href":"https:\/\/www.basquestay.com\/blog\/wp-json\/wp\/v2\/tags?post=466"}],"curies":[{"name":"wp","href":"https:\/\/api.w.org\/{rel}","templated":true}]}}